{"id":31296,"date":"2026-03-06T12:17:53","date_gmt":"2026-03-06T18:17:53","guid":{"rendered":"https:\/\/mujeresmsm.org\/?p=31296"},"modified":"2026-03-13T14:30:02","modified_gmt":"2026-03-13T20:30:02","slug":"msm-celebra-sus-38-anos-y-renueva-su-junta-directiva","status":"publish","type":"post","link":"https:\/\/mujeresmsm.org\/?p=31296","title":{"rendered":"MSM Celebra sus 38 a\u00f1os y renueva su Junta Directiva"},"content":{"rendered":"\n<p>En el marco del <strong>38 aniversario de la Asociaci\u00f3n Movimiento Salvadore\u00f1o de Mujeres (MSM<\/strong><strong>)<\/strong>, se desarroll\u00f3 la asamblea para la elecci\u00f3n de la nueva Junta Directiva que conducir\u00e1 el per\u00edodo 2026\u20132028.<\/p>\n\n\n\n<p>Este espacio democr\u00e1tico reafirma el compromiso del movimiento con la participaci\u00f3n activa, la transparencia y el liderazgo colectivo de las mujeres organizadas, fortaleciendo as\u00ed su estructura y su proyecci\u00f3n estrat\u00e9gica para los pr\u00f3ximos a\u00f1os.<\/p>\n\n\n\n<p>La asamblea cont\u00f3 con la participaci\u00f3n de socias activas provenientes de distintos territorios donde el MSM tiene presencia, entre ellos la zona norte de Usulut\u00e1n, Sonsonate Este y Norte, San Salvador Centro y San Vicente. <\/p>\n\n\n\n<p>Mujeres lideresas, defensoras y constructoras de comunidad se reunieron con entusiasmo y convicci\u00f3n para ejercer su derecho a decidir y continuar trazando el rumbo de una organizaci\u00f3n que, durante casi cuatro d\u00e9cadas, se ha consolidado como un referente en la defensa de los derechos humanos de las mujeres.<\/p>\n\n\n\n<hr class=\"wp-block-separator has-alpha-channel-opacity\"\/>\n\n\n\n<figure class=\"wp-block-gallery has-nested-images columns-default is-cropped wp-block-gallery-1 is-layout-flex wp-block-gallery-is-layout-flex\">\n<figure class=\"wp-block-image size-large\"><img fetchpriority=\"high\" decoding=\"async\" width=\"1024\" height=\"576\" data-id=\"31297\" src=\"https:\/\/mujeresmsm.org\/wp-content\/uploads\/2026\/03\/aniversario-asamblea-msm-1024x576.webp\" alt=\"\" class=\"wp-image-31297\" srcset=\"https:\/\/mujeresmsm.org\/wp-content\/uploads\/2026\/03\/aniversario-asamblea-msm-1024x576.webp 1024w, https:\/\/mujeresmsm.org\/wp-content\/uploads\/2026\/03\/aniversario-asamblea-msm-300x169.webp 300w, https:\/\/mujeresmsm.org\/wp-content\/uploads\/2026\/03\/aniversario-asamblea-msm-768x432.webp 768w, https:\/\/mujeresmsm.org\/wp-content\/uploads\/2026\/03\/aniversario-asamblea-msm-1536x864.webp 1536w, https:\/\/mujeresmsm.org\/wp-content\/uploads\/2026\/03\/aniversario-asamblea-msm-18x10.webp 18w, https:\/\/mujeresmsm.org\/wp-content\/uploads\/2026\/03\/aniversario-asamblea-msm.webp 1920w\" sizes=\"(max-width: 1024px) 100vw, 1024px\" \/><\/figure>\n\n\n\n<figure class=\"wp-block-image size-large\"><img decoding=\"async\" width=\"1024\" height=\"576\" data-id=\"31298\" src=\"https:\/\/mujeresmsm.org\/wp-content\/uploads\/2026\/03\/asamblea-treinta-ocho-msm-1024x576.webp\" alt=\"\" class=\"wp-image-31298\" srcset=\"https:\/\/mujeresmsm.org\/wp-content\/uploads\/2026\/03\/asamblea-treinta-ocho-msm-1024x576.webp 1024w, https:\/\/mujeresmsm.org\/wp-content\/uploads\/2026\/03\/asamblea-treinta-ocho-msm-300x169.webp 300w, https:\/\/mujeresmsm.org\/wp-content\/uploads\/2026\/03\/asamblea-treinta-ocho-msm-768x432.webp 768w, https:\/\/mujeresmsm.org\/wp-content\/uploads\/2026\/03\/asamblea-treinta-ocho-msm-1536x864.webp 1536w, https:\/\/mujeresmsm.org\/wp-content\/uploads\/2026\/03\/asamblea-treinta-ocho-msm-18x10.webp 18w, https:\/\/mujeresmsm.org\/wp-content\/uploads\/2026\/03\/asamblea-treinta-ocho-msm.webp 1920w\" sizes=\"(max-width: 1024px) 100vw, 1024px\" \/><\/figure>\n<\/figure>\n\n\n\n<figure class=\"wp-block-gallery has-nested-images columns-default is-cropped wp-block-gallery-2 is-layout-flex wp-block-gallery-is-layout-flex\">\n<figure class=\"wp-block-image size-large\"><img decoding=\"async\" width=\"1024\" height=\"576\" data-id=\"31299\" src=\"https:\/\/mujeresmsm.org\/wp-content\/uploads\/2026\/03\/geneal-asamblea-msm-1024x576.webp\" alt=\"\" class=\"wp-image-31299\" srcset=\"https:\/\/mujeresmsm.org\/wp-content\/uploads\/2026\/03\/geneal-asamblea-msm-1024x576.webp 1024w, https:\/\/mujeresmsm.org\/wp-content\/uploads\/2026\/03\/geneal-asamblea-msm-300x169.webp 300w, https:\/\/mujeresmsm.org\/wp-content\/uploads\/2026\/03\/geneal-asamblea-msm-768x432.webp 768w, https:\/\/mujeresmsm.org\/wp-content\/uploads\/2026\/03\/geneal-asamblea-msm-1536x864.webp 1536w, https:\/\/mujeresmsm.org\/wp-content\/uploads\/2026\/03\/geneal-asamblea-msm-18x10.webp 18w, https:\/\/mujeresmsm.org\/wp-content\/uploads\/2026\/03\/geneal-asamblea-msm.webp 1920w\" sizes=\"(max-width: 1024px) 100vw, 1024px\" \/><\/figure>\n\n\n\n<figure class=\"wp-block-image size-large\"><img loading=\"lazy\" decoding=\"async\" width=\"1024\" height=\"576\" data-id=\"31300\" src=\"https:\/\/mujeresmsm.org\/wp-content\/uploads\/2026\/03\/socias-salvador-mujeres-msm-1024x576.webp\" alt=\"\" class=\"wp-image-31300\" srcset=\"https:\/\/mujeresmsm.org\/wp-content\/uploads\/2026\/03\/socias-salvador-mujeres-msm-1024x576.webp 1024w, https:\/\/mujeresmsm.org\/wp-content\/uploads\/2026\/03\/socias-salvador-mujeres-msm-300x169.webp 300w, https:\/\/mujeresmsm.org\/wp-content\/uploads\/2026\/03\/socias-salvador-mujeres-msm-768x432.webp 768w, https:\/\/mujeresmsm.org\/wp-content\/uploads\/2026\/03\/socias-salvador-mujeres-msm-1536x864.webp 1536w, https:\/\/mujeresmsm.org\/wp-content\/uploads\/2026\/03\/socias-salvador-mujeres-msm-18x10.webp 18w, https:\/\/mujeresmsm.org\/wp-content\/uploads\/2026\/03\/socias-salvador-mujeres-msm.webp 1920w\" sizes=\"(max-width: 1024px) 100vw, 1024px\" \/><\/figure>\n<\/figure>\n\n\n\n<hr class=\"wp-block-separator has-alpha-channel-opacity\"\/>\n\n\n\n<p>Fundado hace 38 a\u00f1os, el Movimiento Salvadore\u00f1o de Mujeres ha acompa\u00f1ado procesos de organizaci\u00f3n, formaci\u00f3n y liderazgo en diversos territorios del pa\u00eds, promoviendo la participaci\u00f3n activa de las mujeres en la vida comunitaria, social y pol\u00edtica.<\/p>\n\n\n\n<p>A lo largo de su trayectoria, la organizaci\u00f3n ha impulsado acciones orientadas a la prevenci\u00f3n de la violencia de g\u00e9nero, la promoci\u00f3n de la justicia social, el fortalecimiento de liderazgos femeninos y la construcci\u00f3n de oportunidades para mujeres, juventudes y ni\u00f1ez.<\/p>\n\n\n\n<figure class=\"wp-block-gallery has-nested-images columns-default is-cropped wp-block-gallery-3 is-layout-flex wp-block-gallery-is-layout-flex\">\n<figure class=\"wp-block-image size-large\"><img loading=\"lazy\" decoding=\"async\" width=\"1024\" height=\"576\" data-id=\"31301\" src=\"https:\/\/mujeresmsm.org\/wp-content\/uploads\/2026\/03\/aniversario-msm-1024x576.webp\" alt=\"\" class=\"wp-image-31301\" srcset=\"https:\/\/mujeresmsm.org\/wp-content\/uploads\/2026\/03\/aniversario-msm-1024x576.webp 1024w, https:\/\/mujeresmsm.org\/wp-content\/uploads\/2026\/03\/aniversario-msm-300x169.webp 300w, https:\/\/mujeresmsm.org\/wp-content\/uploads\/2026\/03\/aniversario-msm-768x432.webp 768w, https:\/\/mujeresmsm.org\/wp-content\/uploads\/2026\/03\/aniversario-msm-1536x864.webp 1536w, https:\/\/mujeresmsm.org\/wp-content\/uploads\/2026\/03\/aniversario-msm-18x10.webp 18w, https:\/\/mujeresmsm.org\/wp-content\/uploads\/2026\/03\/aniversario-msm.webp 1920w\" sizes=\"(max-width: 1024px) 100vw, 1024px\" \/><\/figure>\n\n\n\n<figure class=\"wp-block-image size-large\"><img loading=\"lazy\" decoding=\"async\" width=\"1024\" height=\"576\" data-id=\"31302\" src=\"https:\/\/mujeresmsm.org\/wp-content\/uploads\/2026\/03\/aniversario-socias-mujeres-msm-1024x576.webp\" alt=\"\" class=\"wp-image-31302\" srcset=\"https:\/\/mujeresmsm.org\/wp-content\/uploads\/2026\/03\/aniversario-socias-mujeres-msm-1024x576.webp 1024w, https:\/\/mujeresmsm.org\/wp-content\/uploads\/2026\/03\/aniversario-socias-mujeres-msm-300x169.webp 300w, https:\/\/mujeresmsm.org\/wp-content\/uploads\/2026\/03\/aniversario-socias-mujeres-msm-768x432.webp 768w, https:\/\/mujeresmsm.org\/wp-content\/uploads\/2026\/03\/aniversario-socias-mujeres-msm-1536x864.webp 1536w, https:\/\/mujeresmsm.org\/wp-content\/uploads\/2026\/03\/aniversario-socias-mujeres-msm-18x10.webp 18w, https:\/\/mujeresmsm.org\/wp-content\/uploads\/2026\/03\/aniversario-socias-mujeres-msm.webp 1920w\" sizes=\"(max-width: 1024px) 100vw, 1024px\" \/><\/figure>\n<\/figure>\n\n\n\n<hr class=\"wp-block-separator has-alpha-channel-opacity\"\/>\n\n\n\n<p>El MSM no solo ha sido una organizaci\u00f3n, sino tambi\u00e9n una escuela de formaci\u00f3n, un espacio de acompa\u00f1amiento y una fuerza colectiva que ha contribuido a transformar realidades desde las comunidades. Su trabajo ha permitido fortalecer la voz y la participaci\u00f3n de miles de mujeres que hoy contin\u00faan promoviendo cambios en sus territorios.<\/p>\n\n\n\n<p>entre abrazos, memoria y esperanza, las participantes reafirmaron que la fuerza del MSM radica en la unidad y en la convicci\u00f3n de que cuando las mujeres se organizan y trabajan juntas, son capaces de transformar sus comunidades y construir un futuro m\u00e1s justo e igualitario<\/p>\n\n\n\n<figure class=\"wp-block-gallery has-nested-images columns-default is-cropped wp-block-gallery-4 is-layout-flex wp-block-gallery-is-layout-flex\">\n<figure class=\"wp-block-image size-large\"><img loading=\"lazy\" decoding=\"async\" width=\"1024\" height=\"576\" data-id=\"31304\" src=\"https:\/\/mujeresmsm.org\/wp-content\/uploads\/2026\/03\/aniversario-treinta-ocho-msm-1024x576.webp\" alt=\"\" class=\"wp-image-31304\" srcset=\"https:\/\/mujeresmsm.org\/wp-content\/uploads\/2026\/03\/aniversario-treinta-ocho-msm-1024x576.webp 1024w, https:\/\/mujeresmsm.org\/wp-content\/uploads\/2026\/03\/aniversario-treinta-ocho-msm-300x169.webp 300w, https:\/\/mujeresmsm.org\/wp-content\/uploads\/2026\/03\/aniversario-treinta-ocho-msm-768x432.webp 768w, https:\/\/mujeresmsm.org\/wp-content\/uploads\/2026\/03\/aniversario-treinta-ocho-msm-1536x864.webp 1536w, https:\/\/mujeresmsm.org\/wp-content\/uploads\/2026\/03\/aniversario-treinta-ocho-msm-18x10.webp 18w, https:\/\/mujeresmsm.org\/wp-content\/uploads\/2026\/03\/aniversario-treinta-ocho-msm.webp 1920w\" sizes=\"(max-width: 1024px) 100vw, 1024px\" \/><\/figure>\n\n\n\n<figure class=\"wp-block-image size-large\"><img loading=\"lazy\" decoding=\"async\" width=\"1024\" height=\"576\" data-id=\"31307\" src=\"https:\/\/mujeresmsm.org\/wp-content\/uploads\/2026\/03\/personal-socias-mujeres-msm-1024x576.webp\" alt=\"\" class=\"wp-image-31307\" srcset=\"https:\/\/mujeresmsm.org\/wp-content\/uploads\/2026\/03\/personal-socias-mujeres-msm-1024x576.webp 1024w, https:\/\/mujeresmsm.org\/wp-content\/uploads\/2026\/03\/personal-socias-mujeres-msm-300x169.webp 300w, https:\/\/mujeresmsm.org\/wp-content\/uploads\/2026\/03\/personal-socias-mujeres-msm-768x432.webp 768w, https:\/\/mujeresmsm.org\/wp-content\/uploads\/2026\/03\/personal-socias-mujeres-msm-1536x864.webp 1536w, https:\/\/mujeresmsm.org\/wp-content\/uploads\/2026\/03\/personal-socias-mujeres-msm-18x10.webp 18w, https:\/\/mujeresmsm.org\/wp-content\/uploads\/2026\/03\/personal-socias-mujeres-msm.webp 1920w\" sizes=\"(max-width: 1024px) 100vw, 1024px\" \/><\/figure>\n<\/figure>\n\n\n\n<figure class=\"wp-block-gallery has-nested-images columns-default is-cropped wp-block-gallery-5 is-layout-flex wp-block-gallery-is-layout-flex\">\n<figure class=\"wp-block-image size-large\"><img loading=\"lazy\" decoding=\"async\" width=\"1024\" height=\"576\" data-id=\"31305\" src=\"https:\/\/mujeresmsm.org\/wp-content\/uploads\/2026\/03\/asamblea-treinta-ocho-msm-1-1024x576.webp\" alt=\"\" class=\"wp-image-31305\" srcset=\"https:\/\/mujeresmsm.org\/wp-content\/uploads\/2026\/03\/asamblea-treinta-ocho-msm-1-1024x576.webp 1024w, https:\/\/mujeresmsm.org\/wp-content\/uploads\/2026\/03\/asamblea-treinta-ocho-msm-1-300x169.webp 300w, https:\/\/mujeresmsm.org\/wp-content\/uploads\/2026\/03\/asamblea-treinta-ocho-msm-1-768x432.webp 768w, https:\/\/mujeresmsm.org\/wp-content\/uploads\/2026\/03\/asamblea-treinta-ocho-msm-1-1536x864.webp 1536w, https:\/\/mujeresmsm.org\/wp-content\/uploads\/2026\/03\/asamblea-treinta-ocho-msm-1-18x10.webp 18w, https:\/\/mujeresmsm.org\/wp-content\/uploads\/2026\/03\/asamblea-treinta-ocho-msm-1.webp 1920w\" sizes=\"(max-width: 1024px) 100vw, 1024px\" \/><\/figure>\n<\/figure>\n\n\n\n<figure class=\"wp-block-gallery has-nested-images columns-default is-cropped wp-block-gallery-6 is-layout-flex wp-block-gallery-is-layout-flex\">\n<figure class=\"wp-block-image size-large\"><img loading=\"lazy\" decoding=\"async\" width=\"1024\" height=\"576\" data-id=\"31306\" src=\"https:\/\/mujeresmsm.org\/wp-content\/uploads\/2026\/03\/socias-asamblea-msm-1024x576.webp\" alt=\"\" class=\"wp-image-31306\" srcset=\"https:\/\/mujeresmsm.org\/wp-content\/uploads\/2026\/03\/socias-asamblea-msm-1024x576.webp 1024w, https:\/\/mujeresmsm.org\/wp-content\/uploads\/2026\/03\/socias-asamblea-msm-300x169.webp 300w, https:\/\/mujeresmsm.org\/wp-content\/uploads\/2026\/03\/socias-asamblea-msm-768x432.webp 768w, https:\/\/mujeresmsm.org\/wp-content\/uploads\/2026\/03\/socias-asamblea-msm-1536x864.webp 1536w, https:\/\/mujeresmsm.org\/wp-content\/uploads\/2026\/03\/socias-asamblea-msm-18x10.webp 18w, https:\/\/mujeresmsm.org\/wp-content\/uploads\/2026\/03\/socias-asamblea-msm.webp 1920w\" sizes=\"(max-width: 1024px) 100vw, 1024px\" \/><\/figure>\n\n\n\n<figure class=\"wp-block-image size-large\"><img loading=\"lazy\" decoding=\"async\" width=\"1024\" height=\"576\" data-id=\"31303\" src=\"https:\/\/mujeresmsm.org\/wp-content\/uploads\/2026\/03\/asamblea-socias-msm-1024x576.webp\" alt=\"\" class=\"wp-image-31303\" srcset=\"https:\/\/mujeresmsm.org\/wp-content\/uploads\/2026\/03\/asamblea-socias-msm-1024x576.webp 1024w, https:\/\/mujeresmsm.org\/wp-content\/uploads\/2026\/03\/asamblea-socias-msm-300x169.webp 300w, https:\/\/mujeresmsm.org\/wp-content\/uploads\/2026\/03\/asamblea-socias-msm-768x432.webp 768w, https:\/\/mujeresmsm.org\/wp-content\/uploads\/2026\/03\/asamblea-socias-msm-1536x864.webp 1536w, https:\/\/mujeresmsm.org\/wp-content\/uploads\/2026\/03\/asamblea-socias-msm-18x10.webp 18w, https:\/\/mujeresmsm.org\/wp-content\/uploads\/2026\/03\/asamblea-socias-msm.webp 1920w\" sizes=\"(max-width: 1024px) 100vw, 1024px\" \/><\/figure>\n<\/figure>\n\n\n\n<p><\/p>\n","protected":false},"excerpt":{"rendered":"<p>En el 38 aniversario de la Asociaci\u00f3n Movimiento Salvadore\u00f1o de Mujeres, se desarroll\u00f3 la asamblea para la elecci\u00f3n de la nueva Junta Directiva<\/p>\n","protected":false},"author":1,"featured_media":31297,"comment_status":"open","ping_status":"closed","sticky":false,"template":"","format":"standard","meta":{"footnotes":""},"categories":[1],"tags":[374,373,372,299],"class_list":["post-31296","post","type-post","status-publish","format-standard","has-post-thumbnail","hentry","category-sin-categoria","tag-aniversario","tag-celebracion","tag-junta-directiva","tag-msm"],"aioseo_notices":[],"_links":{"self":[{"href":"https:\/\/mujeresmsm.org\/index.php?rest_route=\/wp\/v2\/posts\/31296","targetHints":{"allow":["GET"]}}],"collection":[{"href":"https:\/\/mujeresmsm.org\/index.php?rest_route=\/wp\/v2\/posts"}],"about":[{"href":"https:\/\/mujeresmsm.org\/index.php?rest_route=\/wp\/v2\/types\/post"}],"author":[{"embeddable":true,"href":"https:\/\/mujeresmsm.org\/index.php?rest_route=\/wp\/v2\/users\/1"}],"replies":[{"embeddable":true,"href":"https:\/\/mujeresmsm.org\/index.php?rest_route=%2Fwp%2Fv2%2Fcomments&post=31296"}],"version-history":[{"count":2,"href":"https:\/\/mujeresmsm.org\/index.php?rest_route=\/wp\/v2\/posts\/31296\/revisions"}],"predecessor-version":[{"id":31362,"href":"https:\/\/mujeresmsm.org\/index.php?rest_route=\/wp\/v2\/posts\/31296\/revisions\/31362"}],"wp:featuredmedia":[{"embeddable":true,"href":"https:\/\/mujeresmsm.org\/index.php?rest_route=\/wp\/v2\/media\/31297"}],"wp:attachment":[{"href":"https:\/\/mujeresmsm.org\/index.php?rest_route=%2Fwp%2Fv2%2Fmedia&parent=31296"}],"wp:term":[{"taxonomy":"category","embeddable":true,"href":"https:\/\/mujeresmsm.org\/index.php?rest_route=%2Fwp%2Fv2%2Fcategories&post=31296"},{"taxonomy":"post_tag","embeddable":true,"href":"https:\/\/mujeresmsm.org\/index.php?rest_route=%2Fwp%2Fv2%2Ftags&post=31296"}],"curies":[{"name":"wp","href":"https:\/\/api.w.org\/{rel}","templated":true}]}}