{"id":21127,"date":"2020-10-27T09:27:17","date_gmt":"2020-10-27T15:27:17","guid":{"rendered":"https:\/\/mujeresmsm.org\/?p=21127"},"modified":"2023-05-06T15:36:18","modified_gmt":"2023-05-06T21:36:18","slug":"manos-unidas-y-movimiento-salvadoreno-de-mujeres","status":"publish","type":"post","link":"https:\/\/mujeresmsm.org\/?p=21127","title":{"rendered":"Manos Unidas y Movimiento Salvadore\u00f1o de Mujeres"},"content":{"rendered":"\n<h2 class=\"wp-block-heading\">Reportaje Manos Unidas y Movimiento Salvadore\u00f1o de Mujeres<\/h2>\n\n\n\n<figure class=\"wp-block-embed is-type-video is-provider-youtube wp-block-embed-youtube wp-embed-aspect-16-9 wp-has-aspect-ratio\"><div class=\"wp-block-embed__wrapper\">\n<iframe title=\"Manos Unidas y Movimiento Salvadore\u00f1o de Mujeres\" width=\"800\" height=\"450\" src=\"https:\/\/www.youtube.com\/embed\/K09nYdboNAk?feature=oembed\" frameborder=\"0\" allow=\"accelerometer; autoplay; clipboard-write; encrypted-media; gyroscope; picture-in-picture; web-share\" allowfullscreen><\/iframe>\n<\/div><\/figure>\n\n\n<p>Reportaje hecho por el programa espa\u00f1ol \u00abEs Posible\u00bb, compilando el aporte significativo que presento desde el principio el Movimiento Salvadore\u00f1o de Mujeres y la organizaci\u00f3n Manos Unidas en sus programas de prevenci\u00f3n de la violencia contra la mujeres, apoyo y desarrollo de iniciativas econ\u00f3micas y sociales para la poblaci\u00f3n, con la finalidad de contribuir a la auto sostenibilidad de las mujeres salvadore\u00f1as y fomentar de manera directa el respeto a sus derechos.<\/p>","protected":false},"excerpt":{"rendered":"<p>Reportaje Manos Unidas y Movimiento Salvadore\u00f1o de Mujeres Reportaje hecho por el programa espa\u00f1ol \u00abEs Posible\u00bb, compilando el aporte significativo que presento desde el principio el Movimiento Salvadore\u00f1o de Mujeres y la organizaci\u00f3n Manos Unidas en sus programas de prevenci\u00f3n de la violencia contra la mujeres, apoyo y desarrollo de iniciativas econ\u00f3micas y sociales para la poblaci\u00f3n, con la finalidad de contribuir a la auto sostenibilidad de las mujeres salvadore\u00f1as y fomentar de manera directa el respeto a sus derechos.<\/p>\n","protected":false},"author":1,"featured_media":21132,"comment_status":"open","ping_status":"closed","sticky":false,"template":"","format":"standard","meta":{"footnotes":""},"categories":[174,179],"tags":[244,245,243,246],"class_list":["post-21127","post","type-post","status-publish","format-standard","has-post-thumbnail","hentry","category-mujeres","category-proyectos-finalizados","tag-desarrollo-economico","tag-manos-unidas","tag-mujeres","tag-salvadorenas"],"aioseo_notices":[],"_links":{"self":[{"href":"https:\/\/mujeresmsm.org\/index.php?rest_route=\/wp\/v2\/posts\/21127","targetHints":{"allow":["GET"]}}],"collection":[{"href":"https:\/\/mujeresmsm.org\/index.php?rest_route=\/wp\/v2\/posts"}],"about":[{"href":"https:\/\/mujeresmsm.org\/index.php?rest_route=\/wp\/v2\/types\/post"}],"author":[{"embeddable":true,"href":"https:\/\/mujeresmsm.org\/index.php?rest_route=\/wp\/v2\/users\/1"}],"replies":[{"embeddable":true,"href":"https:\/\/mujeresmsm.org\/index.php?rest_route=%2Fwp%2Fv2%2Fcomments&post=21127"}],"version-history":[{"count":7,"href":"https:\/\/mujeresmsm.org\/index.php?rest_route=\/wp\/v2\/posts\/21127\/revisions"}],"predecessor-version":[{"id":27577,"href":"https:\/\/mujeresmsm.org\/index.php?rest_route=\/wp\/v2\/posts\/21127\/revisions\/27577"}],"wp:featuredmedia":[{"embeddable":true,"href":"https:\/\/mujeresmsm.org\/index.php?rest_route=\/wp\/v2\/media\/21132"}],"wp:attachment":[{"href":"https:\/\/mujeresmsm.org\/index.php?rest_route=%2Fwp%2Fv2%2Fmedia&parent=21127"}],"wp:term":[{"taxonomy":"category","embeddable":true,"href":"https:\/\/mujeresmsm.org\/index.php?rest_route=%2Fwp%2Fv2%2Fcategories&post=21127"},{"taxonomy":"post_tag","embeddable":true,"href":"https:\/\/mujeresmsm.org\/index.php?rest_route=%2Fwp%2Fv2%2Ftags&post=21127"}],"curies":[{"name":"wp","href":"https:\/\/api.w.org\/{rel}","templated":true}]}}